{"id":489,"date":"2019-10-28T10:07:14","date_gmt":"2019-10-28T13:07:14","guid":{"rendered":"http:\/\/hotelpalugi.com.br\/?p=489"},"modified":"2020-11-27T18:07:19","modified_gmt":"2020-11-27T18:07:19","slug":"81a-festa-das-flores-de-joinville","status":"publish","type":"post","link":"https:\/\/hotelpalugi.com.br\/?p=489","title":{"rendered":"81\u00aa Festa das Flores de Joinville"},"content":{"rendered":"<p>De 12 a 17 de novembro, a 81\u00aa Festa das Flores traz o tema &#8220;Natureza e Qualidade de Vida&#8221; e vai levar o p\u00fablico a uma experi\u00eancia repleta de cores, formas, beleza e bem-estar. Al\u00e9m da exposi\u00e7\u00e3o, a 81\u00aa Festa das Flores traz em sua programa\u00e7\u00e3o: concurso de orqu\u00eddeas, mercado de plantas, feira multissetorial, oficinas de cultivo, concurso de jardins; atra\u00e7\u00f5es de entretenimento, como os concursos da rainha, princesas e Flor da Melhor Idade, palco cultural e pra\u00e7a gastron\u00f4mica.<\/p>\n<p>A Festa das Flores acontece na Expoville, um dos principais e maiores centros de conven\u00e7\u00f5es e exposi\u00e7\u00f5es da regi\u00e3o Sul, localizado \u00e0s margens da BR 101, porta de entrada de Joinville. O pavilh\u00e3o com 11 mil metros quadrados abriga as atra\u00e7\u00f5es da Festa das Flores e oferece ao p\u00fablico conforto com ambiente climatizado e com ampla \u00e1rea de circula\u00e7\u00e3o. O local conta, tamb\u00e9m, com 2,5 mil vagas de estacionamento..<\/p>\n<p>&nbsp;<\/p>\n<h2>Atra\u00e7\u00f5es<\/h2>\n<p><a class=\"popup-link button button_js\" href=\"https:\/\/www.festadasflores.com.br\/#popup-5db6e74246f0f\" rel=\"lightbox\" data-type=\"inline\"><span class=\"button_label\">Concurso da Rainha<\/span><\/a><\/p>\n<p><a class=\"popup-link button button_js\" href=\"https:\/\/www.festadasflores.com.br\/#popup-5db6e7424731d\" rel=\"lightbox\" data-type=\"inline\"><span class=\"button_label\">Feira Multissetorial<\/span><\/a><\/p>\n<p><a class=\"popup-link button button_js\" href=\"https:\/\/www.festadasflores.com.br\/#popup-5db6e74247a4f\" rel=\"lightbox\" data-type=\"inline\"><span class=\"button_label\">Exposi\u00e7\u00e3o de Orqu\u00eddeas<\/span><\/a><\/p>\n<p><a class=\"popup-link button button_js\" href=\"https:\/\/www.festadasflores.com.br\/#popup-5db6e74247108\" rel=\"lightbox\" data-type=\"inline\"><span class=\"button_label\">Concurso de Orqu\u00eddeas<\/span><\/a><\/p>\n<p><a class=\"popup-link button button_js\" href=\"https:\/\/www.festadasflores.com.br\/#popup-5db6e7424742c\" rel=\"lightbox\" data-type=\"inline\"><span class=\"button_label\">Oficinas de Cultivo<\/span><\/a><\/p>\n<p><a class=\"popup-link button button_js\" href=\"https:\/\/www.festadasflores.com.br\/#popup-5db6e74247baa\" rel=\"lightbox\" data-type=\"inline\"><span class=\"button_label\">Concurso da Flor da Melhor Idade<\/span><\/a><\/p>\n<p><a class=\"popup-link button button_js\" href=\"https:\/\/www.festadasflores.com.br\/#popup-5db6e74247dd0\" rel=\"lightbox\" data-type=\"inline\"><span class=\"button_label\">Gastronomia<\/span><\/a><\/p>\n<p><a class=\"popup-link button button_js\" href=\"https:\/\/www.festadasflores.com.br\/#popup-5db6e74247219\" rel=\"lightbox\" data-type=\"inline\"><span class=\"button_label\">Mercado de Plantas<\/span><\/a><\/p>\n<p><a class=\"popup-link button button_js\" href=\"https:\/\/www.festadasflores.com.br\/#popup-5db6e742478ca\" rel=\"lightbox\" data-type=\"inline\"><span class=\"button_label\">Concurso de Jardins<\/span><\/a><\/p>\n<p><a class=\"popup-link button button_js\" href=\"https:\/\/www.festadasflores.com.br\/#popup-5db6e74247cbd\" rel=\"lightbox\" data-type=\"inline\"><span class=\"button_label\">Palco Cultural<\/span><\/a><\/p>\n<p>&nbsp;<\/p>\n<div class=\"column mcb-column one column_column column-margin-50px\">\n<div class=\"column_attr clearfix align_center animate fadeIn\" data-anim-type=\"fadeIn\">\n<h2>Programa\u00e7\u00e3o<\/h2>\n<\/div>\n<\/div>\n<div class=\"column mcb-column one column_column \">\n<div class=\"column_attr clearfix mobile_align_center\"><center>Os hor\u00e1rios de funcionamento da 81a Festa das Flores de Joinville ser\u00e3o:<\/center><br \/>\n<center>12\/11 \u2013 Ter\u00e7a-feira \u2013 das 14h \u00e0s 22h<\/center><center>13 a 16\/11 \u2013 Quarta-feira a s\u00e1bado \u2013 das 9h \u00e0s 22h<\/center><center>17\/11 \u2013 Domingo \u2013 das 9h \u00e0s 19h<\/center><br \/>\n<center>Os ingressos custar\u00e3o R$ 12,00 (inteira) e R$ 6,00 (meia-entrada para<\/center><center>Crian\u00e7as at\u00e9 10 anos de idade, estudantes e pessoas com mais de 60 anos.<\/center><center>Crian\u00e7as menores de cinco anos n\u00e3o pagam).<\/center><center>Na ter\u00e7a-feira (12\/11),primeiro dia da 81a Festa das Flores, a entrada \u00e9 gratuita para todos os p\u00fablicos.<\/center><br \/>\n<center>Estacionamento:<\/center><center>R$ 15 para motos e carros<\/center><center>R$ 25 para vans<\/center><center>R$ 60 para \u00f4nibus.<\/center><\/div>\n<\/div>\n","protected":false},"excerpt":{"rendered":"<p>De 12 a 17 de novembro, a 81\u00aa Festa das Flores traz o tema &#8220;Natureza e Qualidade de Vida&#8221; e vai levar o p\u00fablico a uma experi\u00eancia repleta de cores, formas, beleza e bem-estar. Al\u00e9m da exposi\u00e7\u00e3o, a 81\u00aa Festa das Flores traz em sua programa\u00e7\u00e3o: concurso de orqu\u00eddeas, mercado de plantas, feira multissetorial, oficinas [&hellip;]<\/p>\n","protected":false},"author":2,"featured_media":0,"comment_status":"open","ping_status":"open","sticky":false,"template":"","format":"standard","meta":{"_monsterinsights_skip_tracking":false,"_monsterinsights_sitenote_active":false,"_monsterinsights_sitenote_note":"","_monsterinsights_sitenote_category":0,"footnotes":""},"categories":[2,14],"tags":[3,4,5,8],"class_list":["post-489","post","type-post","status-publish","format-standard","hentry","category-eventos","category-geral","tag-evento","tag-experiencia","tag-expoville","tag-joinville"],"_links":{"self":[{"href":"https:\/\/hotelpalugi.com.br\/index.php?rest_route=\/wp\/v2\/posts\/489"}],"collection":[{"href":"https:\/\/hotelpalugi.com.br\/index.php?rest_route=\/wp\/v2\/posts"}],"about":[{"href":"https:\/\/hotelpalugi.com.br\/index.php?rest_route=\/wp\/v2\/types\/post"}],"author":[{"embeddable":true,"href":"https:\/\/hotelpalugi.com.br\/index.php?rest_route=\/wp\/v2\/users\/2"}],"replies":[{"embeddable":true,"href":"https:\/\/hotelpalugi.com.br\/index.php?rest_route=%2Fwp%2Fv2%2Fcomments&post=489"}],"version-history":[{"count":0,"href":"https:\/\/hotelpalugi.com.br\/index.php?rest_route=\/wp\/v2\/posts\/489\/revisions"}],"wp:attachment":[{"href":"https:\/\/hotelpalugi.com.br\/index.php?rest_route=%2Fwp%2Fv2%2Fmedia&parent=489"}],"wp:term":[{"taxonomy":"category","embeddable":true,"href":"https:\/\/hotelpalugi.com.br\/index.php?rest_route=%2Fwp%2Fv2%2Fcategories&post=489"},{"taxonomy":"post_tag","embeddable":true,"href":"https:\/\/hotelpalugi.com.br\/index.php?rest_route=%2Fwp%2Fv2%2Ftags&post=489"}],"curies":[{"name":"wp","href":"https:\/\/api.w.org\/{rel}","templated":true}]}}